{"id":4243,"date":"2025-06-26T12:33:52","date_gmt":"2025-06-26T10:33:52","guid":{"rendered":"https:\/\/www.magis.it\/?p=4243"},"modified":"2025-07-17T10:39:06","modified_gmt":"2025-07-17T08:39:06","slug":"le-nuove-soluzioni-magis-guardano-allambiente","status":"publish","type":"post","link":"https:\/\/www.magis.it\/it\/le-nuove-soluzioni-magis-guardano-allambiente\/","title":{"rendered":"Le nuove soluzioni Magis guardano all\u2019ambiente"},"content":{"rendered":"<section  class=\"section-title-text bg-white\" >\r\n    <div class=\"container\">\r\n        <div class=\"row justify-content-center\">\r\n            <div class=\"col col-md-9\">\r\n                                <div class=\"text-center\">\r\n                    <h1 class=\"title-section-small text-secondary magis-animate magis-animation-slide-up\">Le nuove soluzioni Magis guardano all\u2019ambiente<\/h2>\r\n                    <div class=\"mt-40 text-normal-regular text-dark magis-animate magis-animation-slide-up magis-animation-delay-50\"><p>In un settore in continua evoluzione come quello dei nastri adesivi, la sostenibilit\u00e0 non \u00e8 pi\u00f9 un\u2019opzione: \u00e8 una direzione precisa.<br \/>\nMagis la percorre da tempo, ma oggi compie un passo decisivo con una serie di novit\u00e0 pensate per coniugare alte prestazioni e ridotto impatto ambientale. Una vera rivoluzione, che risponde a una domanda sempre pi\u00f9 chiara del mercato: soluzioni efficienti, s\u00ec, ma anche responsabili.<\/p>\n<p>Tra le principali novit\u00e0, spicca un nuovo nastro in carta che combina resistenza, affidabilit\u00e0 e attenzione all\u2019ambiente: si chiama <strong>C690<\/strong> ed \u00e8 realizzato con carta certificata FSC Mix Credit e colla hot melt senza solventi. Pensato per garantire una chiusura pi\u00f9 sicura e duratura, offre un\u2019<strong>adesivit\u00e0 potenziata<\/strong> che lo rende ideale anche per utilizzi intensivi. \u00c8 disponibile in color Havana e pu\u00f2 essere completamente personalizzato con stampa sul dorso, per unire funzionalit\u00e0 e comunicazione.<\/p>\n<p>Importanti novit\u00e0 arrivano anche sul fronte dei <strong>nastri in polipropilene<\/strong>, che oggi Magis propone in <strong>versione ECO<\/strong>, realizzata con il 50% o il 100% di materiali riciclati, provenienti da U.C.O. (Used Cooking Oil). Si tratta di una gamma certificata Bureau Veritas, che conserva tutta l&#8217;affidabilit\u00e0 dei nastri tradizionali, ma con un impatto ambientale sensibilmente ridotto.<\/p>\n<p>Tra le nuove proposte spicca anche il <strong>KS165<\/strong>, un nastro <strong>strapping in carta<\/strong> caratterizzato da un\u2019ottima resistenza all\u2019allungamento. Progettato per l\u2019ancoraggio dei pallet, offre un\u2019alternativa sostenibile per chi desidera ridurre l\u2019utilizzo di plastica negli imballaggi industriali, senza rinunciare alla robustezza necessaria in fase di trasporto e movimentazione.<\/p>\n<p>Infine, il <strong>C680RT<\/strong> amplia ulteriormente l\u2019offerta di nastri in carta ad alte prestazioni. <strong>Rinforzato Tramato con filamenti in fibra di vetro<\/strong>, si distingue per la sua elevata tenuta. Con la sua massa adesiva hot melt \u00e8 progettato per garantire massima resistenza, anche in applicazioni particolarmente esigenti.<\/p>\n<p>Con queste nuove soluzioni, Magis rafforza il proprio impegno per un futuro pi\u00f9 sostenibile, offrendo strumenti concreti per ridurre l\u2019impatto ambientale del packaging. Innovazione e responsabilit\u00e0, unite in una gamma che guarda avanti.<\/p>\n<\/div>\r\n                <\/div>\r\n            <\/div>\r\n        <\/div>\r\n    <\/div>\r\n<\/section>\n\n<section  class=\"section-image-simple boxed\" style=\"\">\r\n    <div class=\"container\">\r\n        <img decoding=\"async\" src=\"https:\/\/www.magis.it\/wp-content\/uploads\/2025\/06\/NEWS-sostenibilita-magis.png\" alt=\"\" class=\"img-fluid magis-animate magis-animation-slide-up\">\r\n    <\/div>\r\n<\/section>\n\n<section  class=\"section-latest-news\">\r\n    <div class=\"container\">\r\n        <div class=\"text-lg-center mb-40\">\r\n            <h2 class=\"title-section-small text-secondary magis-animate magis-animation-slide-up\">Ultime News<\/h2>\r\n        <\/div>\r\n        <div class=\"d-block d-lg-none mb-40 magis-animate magis-animation-slide-up magis-animation-delay-50\">\r\n            <a href=\"https:\/\/www.magis.it\/it\/notizie\/\" class=\"text-decoration-none\">\r\n                <div class=\"btn btn-sm bg-secondary text-normal-medium text\">\r\n                   <p class=\"m-0 text-white text-normal-medium\">See all news<\/p>\r\n                <\/div>\r\n            <\/a>\r\n        <\/div>\r\n        <div class=\"row mb-40 justify-content-center\">\r\n                                                                       \r\n                <div class=\"col-12 col-lg-4 text-center mb-40 mb-lg-0 magis-animate magis-animation-slide-up magis-animation-delay-100\">\r\n                    <a href=\"https:\/\/www.magis.it\/it\/c680rt\/\" class=\"d-block text-decoration-none bg-warning col-border d-block overflow-hidden h-100\">\r\n                        <div class=\"p-30\">\r\n                            <p class=\"btn btn-sm category text-min-regular mb-20\">Eventi, Events<\/p>\r\n                            <p class=\"mb-20 title-semi-min-medium text-secondary\">C680RT: il nastro autoadesivo che semplifica la chiusura degli imballi<\/p>\r\n                            <div class=\"d-flex justify-content-center\">\r\n                                <div class=\"separetor mb-10\"><\/div>\r\n                            <\/div>\r\n                            <p class=\"text-primary text-min-medium mb-20\">20 Aprile 2026<\/p>\r\n                            <p class=\"mb-20 text-secondary text-normal-regular\">Una soluzione capace di coniugare resistenza, ordine, praticit\u00e0 ed efficienza.<\/p>\r\n                            <p class=\"text-primary text-normal-regular \">Read more ><\/p>\r\n                        <\/div>\r\n                    <\/a>\r\n                <\/div>\r\n                                                           \r\n                <div class=\"col-12 col-lg-4 text-center mb-40 mb-lg-0 magis-animate magis-animation-slide-up magis-animation-delay-150\">\r\n                    <a href=\"https:\/\/www.magis.it\/it\/tigil-index26\/\" class=\"d-block text-decoration-none bg-warning col-border d-block overflow-hidden h-100\">\r\n                        <div class=\"p-30\">\r\n                            <p class=\"btn btn-sm category text-min-regular mb-20\">Eventi<\/p>\r\n                            <p class=\"mb-20 title-semi-min-medium text-secondary\">TIGIL @ INDEX\u212226<\/p>\r\n                            <div class=\"d-flex justify-content-center\">\r\n                                <div class=\"separetor mb-10\"><\/div>\r\n                            <\/div>\r\n                            <p class=\"text-primary text-min-medium mb-20\">24 Marzo 2026<\/p>\r\n                            <p class=\"mb-20 text-secondary text-normal-regular\">TIGIL porta a INDEX\u212226 l\u2019esperienza di Magis nei closure systems<\/p>\r\n                            <p class=\"text-primary text-normal-regular \">Read more ><\/p>\r\n                        <\/div>\r\n                    <\/a>\r\n                <\/div>\r\n                                                           \r\n                <div class=\"col-12 col-lg-4 text-center mb-40 mb-lg-0 magis-animate magis-animation-slide-up magis-animation-delay-200\">\r\n                    <a href=\"https:\/\/www.magis.it\/it\/il-nastro-adesivo-antieffrazione-ate23-si-evolve-scopri-la-versione-personalizzabile\/\" class=\"d-block text-decoration-none bg-warning col-border d-block overflow-hidden h-100\">\r\n                        <div class=\"p-30\">\r\n                            <p class=\"btn btn-sm category text-min-regular mb-20\">Nastri adesivi<\/p>\r\n                            <p class=\"mb-20 title-semi-min-medium text-secondary\">Il nastro adesivo antieffrazione \u201cATE23\u201d si evolve: scopri la versione personalizzabile<\/p>\r\n                            <div class=\"d-flex justify-content-center\">\r\n                                <div class=\"separetor mb-10\"><\/div>\r\n                            <\/div>\r\n                            <p class=\"text-primary text-min-medium mb-20\">19 Febbraio 2026<\/p>\r\n                            <p class=\"mb-20 text-secondary text-normal-regular\">Sicurezza antimanomissione e personalizzazione si incontrano in una soluzione unica in Europa<\/p>\r\n                            <p class=\"text-primary text-normal-regular \">Read more ><\/p>\r\n                        <\/div>\r\n                    <\/a>\r\n                <\/div>\r\n                    <\/div>\r\n        <div class=\"text-center d-none d-lg-block magis-animate magis-animation-slide-up magis-animation-delay-50\">\r\n            <a href=\"https:\/\/www.magis.it\/it\/notizie\/\" class=\"text-decoration-none\">\r\n                <div class=\"btn btn-sm bg-secondary text-normal-medium  text\">\r\n                   <p class=\"m-0 text-white text-normal-medium\">See all news<\/p>\r\n                <\/div>\r\n            <\/a>\r\n        <\/div>\r\n    <\/div>\r\n<\/section>\n\n\n<p><\/p>\n","protected":false},"excerpt":{"rendered":"<p>Magis rafforza il proprio impegno per un futuro pi\u00f9 sostenibile con nastri adesivi che riducono l\u2019impatto ambientale.<\/p>\n","protected":false},"author":1,"featured_media":4248,"comment_status":"closed","ping_status":"closed","sticky":false,"template":"","format":"standard","meta":{"_acf_changed":false,"footnotes":""},"categories":[2,50],"tags":[],"class_list":["post-4243","post","type-post","status-publish","format-standard","has-post-thumbnail","hentry","category-eventi","category-nastri-adesivi"],"acf":[],"yoast_head":"<!-- This site is optimized with the Yoast SEO plugin v27.4 - https:\/\/yoast.com\/product\/yoast-seo-wordpress\/ -->\n<title>Le nuove soluzioni Magis guardano all\u2019ambiente - MAGIS S.p.A.<\/title>\n<meta name=\"robots\" content=\"index, follow, max-snippet:-1, max-image-preview:large, max-video-preview:-1\" \/>\n<link rel=\"canonical\" href=\"https:\/\/www.magis.it\/it\/le-nuove-soluzioni-magis-guardano-allambiente\/\" \/>\n<meta property=\"og:locale\" content=\"it_IT\" \/>\n<meta property=\"og:type\" content=\"article\" \/>\n<meta property=\"og:title\" content=\"Le nuove soluzioni Magis guardano all\u2019ambiente - MAGIS S.p.A.\" \/>\n<meta property=\"og:description\" content=\"Magis rafforza il proprio impegno per un futuro pi\u00f9 sostenibile con nastri adesivi che riducono l\u2019impatto ambientale.\" \/>\n<meta property=\"og:url\" content=\"https:\/\/www.magis.it\/it\/le-nuove-soluzioni-magis-guardano-allambiente\/\" \/>\n<meta property=\"og:site_name\" content=\"MAGIS S.p.A.\" \/>\n<meta property=\"article:published_time\" content=\"2025-06-26T10:33:52+00:00\" \/>\n<meta property=\"article:modified_time\" content=\"2025-07-17T08:39:06+00:00\" \/>\n<meta property=\"og:image\" content=\"https:\/\/www.magis.it\/wp-content\/uploads\/2025\/06\/NEWS-sostenibilita-magis-1024x683.png\" \/>\n\t<meta property=\"og:image:width\" content=\"1024\" \/>\n\t<meta property=\"og:image:height\" content=\"683\" \/>\n\t<meta property=\"og:image:type\" content=\"image\/png\" \/>\n<meta name=\"author\" content=\"babol\" \/>\n<meta name=\"twitter:card\" content=\"summary_large_image\" \/>\n<meta name=\"twitter:label1\" content=\"Scritto da\" \/>\n\t<meta name=\"twitter:data1\" content=\"babol\" \/>\n\t<meta name=\"twitter:label2\" content=\"Tempo di lettura stimato\" \/>\n\t<meta name=\"twitter:data2\" content=\"1 minuto\" \/>\n<script type=\"application\/ld+json\" class=\"yoast-schema-graph\">{\"@context\":\"https:\\\/\\\/schema.org\",\"@graph\":[{\"@type\":\"Article\",\"@id\":\"https:\\\/\\\/www.magis.it\\\/it\\\/le-nuove-soluzioni-magis-guardano-allambiente\\\/#article\",\"isPartOf\":{\"@id\":\"https:\\\/\\\/www.magis.it\\\/it\\\/le-nuove-soluzioni-magis-guardano-allambiente\\\/\"},\"author\":{\"name\":\"babol\",\"@id\":\"https:\\\/\\\/www.magis.it\\\/it\\\/#\\\/schema\\\/person\\\/78b65525a5231a1748a388f7b2f7dfe6\"},\"headline\":\"Le nuove soluzioni Magis guardano all\u2019ambiente\",\"datePublished\":\"2025-06-26T10:33:52+00:00\",\"dateModified\":\"2025-07-17T08:39:06+00:00\",\"mainEntityOfPage\":{\"@id\":\"https:\\\/\\\/www.magis.it\\\/it\\\/le-nuove-soluzioni-magis-guardano-allambiente\\\/\"},\"wordCount\":7,\"image\":{\"@id\":\"https:\\\/\\\/www.magis.it\\\/it\\\/le-nuove-soluzioni-magis-guardano-allambiente\\\/#primaryimage\"},\"thumbnailUrl\":\"https:\\\/\\\/www.magis.it\\\/wp-content\\\/uploads\\\/2025\\\/06\\\/NEWS-sostenibilita-magis.png\",\"articleSection\":[\"Eventi\",\"Nastri adesivi\"],\"inLanguage\":\"it-IT\"},{\"@type\":\"WebPage\",\"@id\":\"https:\\\/\\\/www.magis.it\\\/it\\\/le-nuove-soluzioni-magis-guardano-allambiente\\\/\",\"url\":\"https:\\\/\\\/www.magis.it\\\/it\\\/le-nuove-soluzioni-magis-guardano-allambiente\\\/\",\"name\":\"Le nuove soluzioni Magis guardano all\u2019ambiente - MAGIS S.p.A.\",\"isPartOf\":{\"@id\":\"https:\\\/\\\/www.magis.it\\\/it\\\/#website\"},\"primaryImageOfPage\":{\"@id\":\"https:\\\/\\\/www.magis.it\\\/it\\\/le-nuove-soluzioni-magis-guardano-allambiente\\\/#primaryimage\"},\"image\":{\"@id\":\"https:\\\/\\\/www.magis.it\\\/it\\\/le-nuove-soluzioni-magis-guardano-allambiente\\\/#primaryimage\"},\"thumbnailUrl\":\"https:\\\/\\\/www.magis.it\\\/wp-content\\\/uploads\\\/2025\\\/06\\\/NEWS-sostenibilita-magis.png\",\"datePublished\":\"2025-06-26T10:33:52+00:00\",\"dateModified\":\"2025-07-17T08:39:06+00:00\",\"author\":{\"@id\":\"https:\\\/\\\/www.magis.it\\\/it\\\/#\\\/schema\\\/person\\\/78b65525a5231a1748a388f7b2f7dfe6\"},\"breadcrumb\":{\"@id\":\"https:\\\/\\\/www.magis.it\\\/it\\\/le-nuove-soluzioni-magis-guardano-allambiente\\\/#breadcrumb\"},\"inLanguage\":\"it-IT\",\"potentialAction\":[{\"@type\":\"ReadAction\",\"target\":[\"https:\\\/\\\/www.magis.it\\\/it\\\/le-nuove-soluzioni-magis-guardano-allambiente\\\/\"]}]},{\"@type\":\"ImageObject\",\"inLanguage\":\"it-IT\",\"@id\":\"https:\\\/\\\/www.magis.it\\\/it\\\/le-nuove-soluzioni-magis-guardano-allambiente\\\/#primaryimage\",\"url\":\"https:\\\/\\\/www.magis.it\\\/wp-content\\\/uploads\\\/2025\\\/06\\\/NEWS-sostenibilita-magis.png\",\"contentUrl\":\"https:\\\/\\\/www.magis.it\\\/wp-content\\\/uploads\\\/2025\\\/06\\\/NEWS-sostenibilita-magis.png\",\"width\":1920,\"height\":1280},{\"@type\":\"BreadcrumbList\",\"@id\":\"https:\\\/\\\/www.magis.it\\\/it\\\/le-nuove-soluzioni-magis-guardano-allambiente\\\/#breadcrumb\",\"itemListElement\":[{\"@type\":\"ListItem\",\"position\":1,\"name\":\"Home\",\"item\":\"https:\\\/\\\/www.magis.it\\\/it\\\/\"},{\"@type\":\"ListItem\",\"position\":2,\"name\":\"Le nuove soluzioni Magis guardano all\u2019ambiente\"}]},{\"@type\":\"WebSite\",\"@id\":\"https:\\\/\\\/www.magis.it\\\/it\\\/#website\",\"url\":\"https:\\\/\\\/www.magis.it\\\/it\\\/\",\"name\":\"MAGIS S.p.A.\",\"description\":\"Magis is the leading manufacturer of customized adhesive tapes and closure systems\",\"potentialAction\":[{\"@type\":\"SearchAction\",\"target\":{\"@type\":\"EntryPoint\",\"urlTemplate\":\"https:\\\/\\\/www.magis.it\\\/it\\\/?s={search_term_string}\"},\"query-input\":{\"@type\":\"PropertyValueSpecification\",\"valueRequired\":true,\"valueName\":\"search_term_string\"}}],\"inLanguage\":\"it-IT\"},{\"@type\":\"Person\",\"@id\":\"https:\\\/\\\/www.magis.it\\\/it\\\/#\\\/schema\\\/person\\\/78b65525a5231a1748a388f7b2f7dfe6\",\"name\":\"babol\",\"image\":{\"@type\":\"ImageObject\",\"inLanguage\":\"it-IT\",\"@id\":\"https:\\\/\\\/secure.gravatar.com\\\/avatar\\\/daa6e037699fe3ef6e4c814faa5b56418281208d4029697771db6c70423ba1f1?s=96&d=mm&r=g\",\"url\":\"https:\\\/\\\/secure.gravatar.com\\\/avatar\\\/daa6e037699fe3ef6e4c814faa5b56418281208d4029697771db6c70423ba1f1?s=96&d=mm&r=g\",\"contentUrl\":\"https:\\\/\\\/secure.gravatar.com\\\/avatar\\\/daa6e037699fe3ef6e4c814faa5b56418281208d4029697771db6c70423ba1f1?s=96&d=mm&r=g\",\"caption\":\"babol\"},\"sameAs\":[\"http:\\\/\\\/sviluppo.baboldev.com\"],\"url\":\"https:\\\/\\\/www.magis.it\\\/it\\\/author\\\/babol\\\/\"}]}<\/script>\n<!-- \/ Yoast SEO plugin. -->","yoast_head_json":{"title":"Le nuove soluzioni Magis guardano all\u2019ambiente - MAGIS S.p.A.","robots":{"index":"index","follow":"follow","max-snippet":"max-snippet:-1","max-image-preview":"max-image-preview:large","max-video-preview":"max-video-preview:-1"},"canonical":"https:\/\/www.magis.it\/it\/le-nuove-soluzioni-magis-guardano-allambiente\/","og_locale":"it_IT","og_type":"article","og_title":"Le nuove soluzioni Magis guardano all\u2019ambiente - MAGIS S.p.A.","og_description":"Magis rafforza il proprio impegno per un futuro pi\u00f9 sostenibile con nastri adesivi che riducono l\u2019impatto ambientale.","og_url":"https:\/\/www.magis.it\/it\/le-nuove-soluzioni-magis-guardano-allambiente\/","og_site_name":"MAGIS S.p.A.","article_published_time":"2025-06-26T10:33:52+00:00","article_modified_time":"2025-07-17T08:39:06+00:00","og_image":[{"width":1024,"height":683,"url":"https:\/\/www.magis.it\/wp-content\/uploads\/2025\/06\/NEWS-sostenibilita-magis-1024x683.png","type":"image\/png"}],"author":"babol","twitter_card":"summary_large_image","twitter_misc":{"Scritto da":"babol","Tempo di lettura stimato":"1 minuto"},"schema":{"@context":"https:\/\/schema.org","@graph":[{"@type":"Article","@id":"https:\/\/www.magis.it\/it\/le-nuove-soluzioni-magis-guardano-allambiente\/#article","isPartOf":{"@id":"https:\/\/www.magis.it\/it\/le-nuove-soluzioni-magis-guardano-allambiente\/"},"author":{"name":"babol","@id":"https:\/\/www.magis.it\/it\/#\/schema\/person\/78b65525a5231a1748a388f7b2f7dfe6"},"headline":"Le nuove soluzioni Magis guardano all\u2019ambiente","datePublished":"2025-06-26T10:33:52+00:00","dateModified":"2025-07-17T08:39:06+00:00","mainEntityOfPage":{"@id":"https:\/\/www.magis.it\/it\/le-nuove-soluzioni-magis-guardano-allambiente\/"},"wordCount":7,"image":{"@id":"https:\/\/www.magis.it\/it\/le-nuove-soluzioni-magis-guardano-allambiente\/#primaryimage"},"thumbnailUrl":"https:\/\/www.magis.it\/wp-content\/uploads\/2025\/06\/NEWS-sostenibilita-magis.png","articleSection":["Eventi","Nastri adesivi"],"inLanguage":"it-IT"},{"@type":"WebPage","@id":"https:\/\/www.magis.it\/it\/le-nuove-soluzioni-magis-guardano-allambiente\/","url":"https:\/\/www.magis.it\/it\/le-nuove-soluzioni-magis-guardano-allambiente\/","name":"Le nuove soluzioni Magis guardano all\u2019ambiente - MAGIS S.p.A.","isPartOf":{"@id":"https:\/\/www.magis.it\/it\/#website"},"primaryImageOfPage":{"@id":"https:\/\/www.magis.it\/it\/le-nuove-soluzioni-magis-guardano-allambiente\/#primaryimage"},"image":{"@id":"https:\/\/www.magis.it\/it\/le-nuove-soluzioni-magis-guardano-allambiente\/#primaryimage"},"thumbnailUrl":"https:\/\/www.magis.it\/wp-content\/uploads\/2025\/06\/NEWS-sostenibilita-magis.png","datePublished":"2025-06-26T10:33:52+00:00","dateModified":"2025-07-17T08:39:06+00:00","author":{"@id":"https:\/\/www.magis.it\/it\/#\/schema\/person\/78b65525a5231a1748a388f7b2f7dfe6"},"breadcrumb":{"@id":"https:\/\/www.magis.it\/it\/le-nuove-soluzioni-magis-guardano-allambiente\/#breadcrumb"},"inLanguage":"it-IT","potentialAction":[{"@type":"ReadAction","target":["https:\/\/www.magis.it\/it\/le-nuove-soluzioni-magis-guardano-allambiente\/"]}]},{"@type":"ImageObject","inLanguage":"it-IT","@id":"https:\/\/www.magis.it\/it\/le-nuove-soluzioni-magis-guardano-allambiente\/#primaryimage","url":"https:\/\/www.magis.it\/wp-content\/uploads\/2025\/06\/NEWS-sostenibilita-magis.png","contentUrl":"https:\/\/www.magis.it\/wp-content\/uploads\/2025\/06\/NEWS-sostenibilita-magis.png","width":1920,"height":1280},{"@type":"BreadcrumbList","@id":"https:\/\/www.magis.it\/it\/le-nuove-soluzioni-magis-guardano-allambiente\/#breadcrumb","itemListElement":[{"@type":"ListItem","position":1,"name":"Home","item":"https:\/\/www.magis.it\/it\/"},{"@type":"ListItem","position":2,"name":"Le nuove soluzioni Magis guardano all\u2019ambiente"}]},{"@type":"WebSite","@id":"https:\/\/www.magis.it\/it\/#website","url":"https:\/\/www.magis.it\/it\/","name":"MAGIS S.p.A.","description":"Magis is the leading manufacturer of customized adhesive tapes and closure systems","potentialAction":[{"@type":"SearchAction","target":{"@type":"EntryPoint","urlTemplate":"https:\/\/www.magis.it\/it\/?s={search_term_string}"},"query-input":{"@type":"PropertyValueSpecification","valueRequired":true,"valueName":"search_term_string"}}],"inLanguage":"it-IT"},{"@type":"Person","@id":"https:\/\/www.magis.it\/it\/#\/schema\/person\/78b65525a5231a1748a388f7b2f7dfe6","name":"babol","image":{"@type":"ImageObject","inLanguage":"it-IT","@id":"https:\/\/secure.gravatar.com\/avatar\/daa6e037699fe3ef6e4c814faa5b56418281208d4029697771db6c70423ba1f1?s=96&d=mm&r=g","url":"https:\/\/secure.gravatar.com\/avatar\/daa6e037699fe3ef6e4c814faa5b56418281208d4029697771db6c70423ba1f1?s=96&d=mm&r=g","contentUrl":"https:\/\/secure.gravatar.com\/avatar\/daa6e037699fe3ef6e4c814faa5b56418281208d4029697771db6c70423ba1f1?s=96&d=mm&r=g","caption":"babol"},"sameAs":["http:\/\/sviluppo.baboldev.com"],"url":"https:\/\/www.magis.it\/it\/author\/babol\/"}]}},"_links":{"self":[{"href":"https:\/\/www.magis.it\/it\/wp-json\/wp\/v2\/posts\/4243","targetHints":{"allow":["GET"]}}],"collection":[{"href":"https:\/\/www.magis.it\/it\/wp-json\/wp\/v2\/posts"}],"about":[{"href":"https:\/\/www.magis.it\/it\/wp-json\/wp\/v2\/types\/post"}],"author":[{"embeddable":true,"href":"https:\/\/www.magis.it\/it\/wp-json\/wp\/v2\/users\/1"}],"replies":[{"embeddable":true,"href":"https:\/\/www.magis.it\/it\/wp-json\/wp\/v2\/comments?post=4243"}],"version-history":[{"count":3,"href":"https:\/\/www.magis.it\/it\/wp-json\/wp\/v2\/posts\/4243\/revisions"}],"predecessor-version":[{"id":4396,"href":"https:\/\/www.magis.it\/it\/wp-json\/wp\/v2\/posts\/4243\/revisions\/4396"}],"wp:featuredmedia":[{"embeddable":true,"href":"https:\/\/www.magis.it\/it\/wp-json\/wp\/v2\/media\/4248"}],"wp:attachment":[{"href":"https:\/\/www.magis.it\/it\/wp-json\/wp\/v2\/media?parent=4243"}],"wp:term":[{"taxonomy":"category","embeddable":true,"href":"https:\/\/www.magis.it\/it\/wp-json\/wp\/v2\/categories?post=4243"},{"taxonomy":"post_tag","embeddable":true,"href":"https:\/\/www.magis.it\/it\/wp-json\/wp\/v2\/tags?post=4243"}],"curies":[{"name":"wp","href":"https:\/\/api.w.org\/{rel}","templated":true}]}}